{"id":4276,"date":"2020-04-14T13:48:42","date_gmt":"2020-04-14T13:48:42","guid":{"rendered":"https:\/\/orientacion.colegiodoroteaspontevedra.com\/?p=4276"},"modified":"2020-04-14T13:48:42","modified_gmt":"2020-04-14T13:48:42","slug":"como-explicar-a-los-ninos-la-muerte-de-un-familiar-por-coronavirus","status":"publish","type":"post","link":"http:\/\/orientacion.colegiodoroteaspontevedra.com\/?p=4276","title":{"rendered":"C\u00f3mo explicar a los ni\u00f1os la muerte de un familiar por Coronavirus"},"content":{"rendered":"<p style=\"text-align: justify;\"><span style=\"font-family: helvetica, arial, sans-serif; font-size: 14pt;\"><a href=\"https:\/\/www.fundacionmlc.org\/wp-content\/uploads\/2018\/12\/guia-duelo-infantil-fmlc.pdf\" target=\"_blank\" rel=\"noopener noreferrer\"><img loading=\"lazy\" decoding=\"async\" class=\"alignleft wp-image-4277\" src=\"https:\/\/orientacion.colegiodoroteaspontevedra.com\/wp-content\/uploads\/sites\/2\/2020\/04\/Portada_ManualDueloInfantil-211x300.jpg\" alt=\"\" width=\"236\" height=\"336\" srcset=\"http:\/\/orientacion.colegiodoroteaspontevedra.com\/wp-content\/uploads\/sites\/2\/2020\/04\/Portada_ManualDueloInfantil-211x300.jpg 211w, http:\/\/orientacion.colegiodoroteaspontevedra.com\/wp-content\/uploads\/sites\/2\/2020\/04\/Portada_ManualDueloInfantil.jpg 479w\" sizes=\"auto, (max-width: 236px) 100vw, 236px\" \/><\/a><\/span><\/p>\n<p style=\"text-align: justify;\"><span style=\"font-family: helvetica, arial, sans-serif; font-size: 14pt;\">\u00bfC\u00f3m<\/span><span style=\"font-family: helvetica, arial, sans-serif; font-size: 14pt;\">o se lo digo? \u00bfQu\u00e9 le digo? \u00bfLe afectar\u00e1 mucho? \u00bfLe traumatizar\u00e1?\u00a0\u00c9stas son algunas de las dudas que pueden surgir a la hora de\u00a0comunicarle a un ni\u00f1o la primera m<\/span><span style=\"font-family: helvetica, arial, sans-serif; font-size: 14pt; text-align: justify;\">uerte significativa en su entorno, adem\u00e1s de ciertos sentimientos de temor acerca del impacto que producir\u00e1 esta noticia en el menor.<\/span><\/p>\n<p>&nbsp;<\/p>\n<p><span style=\"font-size: 14pt; font-family: helvetica, arial, sans-serif;\">Cada d\u00eda somos testigos a trav\u00e9s de los medios del elevado n\u00famero de personas que est\u00e1n falleciendo aquejados de Coronavirus, motivo por el que os presentamos est\u00e1 gu\u00eda Hablemos de Duelo, un manual pr\u00e1ctico que ayuda a los padres, profesores y adultos en general a solucionar sus dudas sobre el duelo infantil y a encontrar la mejor forma de explicar a los ni\u00f1os qu\u00e9 es la muerte, un tema a menudo dif\u00edcil de abordar. <span style=\"color: #3366ff; font-size: 12pt;\">(accede a la gu\u00eda haciendo clic en la imagen)<\/span><\/span><\/p>\n<p><span style=\"font-size: 14pt; font-family: helvetica, arial, sans-serif;\">Gu\u00eda publicada por la Fundaci\u00f3n Mario Losantos del Campo (FMLC), que en su p\u00e1gina web publica varios art\u00edculos muy interesantes y que nos pueden ayudar en este momento de modo especial. A continuaci\u00f3n, ponemos el enlace del art\u00edculo que da t\u00edtulo a la presente entrada de nuestro Blog y que a su vez ofrece enlace con otros art\u00edculos que consideramos muy interesantes.<\/span><\/p>\n<p><a href=\"https:\/\/www.fundacionmlc.org\/como-explicar-a-los-ninos-el-fallecimiento-de-un-familiar-por-coronavirus\/\" target=\"_blank\" rel=\"noopener noreferrer\"><img loading=\"lazy\" decoding=\"async\" class=\"alignright wp-image-4278\" src=\"https:\/\/orientacion.colegiodoroteaspontevedra.com\/wp-content\/uploads\/sites\/2\/2020\/04\/capitulo_10-745x1024-218x300.jpg\" alt=\"\" width=\"263\" height=\"362\" srcset=\"http:\/\/orientacion.colegiodoroteaspontevedra.com\/wp-content\/uploads\/sites\/2\/2020\/04\/capitulo_10-745x1024-218x300.jpg 218w, http:\/\/orientacion.colegiodoroteaspontevedra.com\/wp-content\/uploads\/sites\/2\/2020\/04\/capitulo_10-745x1024.jpg 745w\" sizes=\"auto, (max-width: 263px) 100vw, 263px\" \/><\/a><\/p>\n<p>&nbsp;<\/p>\n<p><span style=\"font-family: helvetica, arial, sans-serif; font-size: 14pt;\"><span style=\"color: #3366ff;\">Si haces clic en la imagen de la derecha<\/span> puedes acceder al articulo que te coment\u00e1bamos en el que nos comentan:<\/span><\/p>\n<ul>\n<li style=\"list-style-type: none;\">\n<ul>\n<li style=\"list-style-type: none;\">\n<ul style=\"list-style-type: square;\">\n<li><span style=\"font-family: helvetica, arial, sans-serif; font-size: 14pt;\">C\u00f3mo responder a las dudas de los ni\u00f1os sobre el Coronavirus<\/span><\/li>\n<li><span style=\"font-family: helvetica, arial, sans-serif; font-size: 14pt;\">C\u00f3mo explicar a los ni\u00f1os la muerte de un ser querido por Coronavirus<\/span><\/li>\n<li><span style=\"font-family: helvetica, arial, sans-serif; font-size: 14pt;\">C\u00f3mo combatir los miedos de los ni\u00f1os ante la alerta sanitaria\u00a0<\/span><\/li>\n<\/ul>\n<\/li>\n<\/ul>\n<\/li>\n<\/ul>\n<p><span style=\"font-family: helvetica, arial, sans-serif; font-size: 14pt;\">y enlaces a otros art\u00edculos\u00a0como:<\/span><\/p>\n<ul>\n<li style=\"list-style-type: none;\">\n<ul>\n<li style=\"list-style-type: none;\">\n<ul>\n<li style=\"list-style-type: none;\">\n<ul>\n<li style=\"list-style-type: none;\">\n<ul>\n<li style=\"list-style-type: none;\">\n<ul style=\"list-style-type: square;\">\n<li><span style=\"font-family: helvetica, arial, sans-serif; font-size: 14pt;\">El duelo sin abrazos<\/span><\/li>\n<li><span style=\"font-family: helvetica, arial, sans-serif; font-size: 14pt;\">Herramientas para elaborar el duelo: La caja de recuerdos<\/span><\/li>\n<li><span style=\"font-family: helvetica, arial, sans-serif; font-size: 14pt;\">Herramientas para elaborar el duelo: las despedidas simb\u00f3licas<\/span><\/li>\n<li><span style=\"font-family: helvetica, arial, sans-serif; font-size: 14pt;\">&#8230;..<\/span><\/li>\n<\/ul>\n<\/li>\n<\/ul>\n<\/li>\n<\/ul>\n<\/li>\n<\/ul>\n<\/li>\n<\/ul>\n<\/li>\n<\/ul>\n","protected":false},"excerpt":{"rendered":"<p>\u00bfC\u00f3mo se lo digo? \u00bfQu\u00e9 le digo? \u00bfLe afectar\u00e1 mucho? \u00bfLe traumatizar\u00e1?\u00a0\u00c9stas son algunas de las dudas que pueden surgir a la hora de\u00a0comunicarle a un ni\u00f1o la primera muerte significativa en su entorno, adem\u00e1s de ciertos sentimientos de temor acerca del impacto que producir\u00e1 esta noticia en el menor. &nbsp; Cada d\u00eda somos testigos <a href=\"http:\/\/orientacion.colegiodoroteaspontevedra.com\/?p=4276\" rel=\"nofollow\"><span class=\"sr-only\">Leer m\u00e1sC\u00f3mo explicar a los ni\u00f1os la muerte de un familiar por Coronavirus<\/span>[&hellip;]<\/a><\/p>\n","protected":false},"author":6,"featured_media":2608,"comment_status":"closed","ping_status":"closed","sticky":false,"template":"","format":"standard","meta":{"footnotes":""},"categories":[14],"tags":[],"class_list":["post-4276","post","type-post","status-publish","format-standard","has-post-thumbnail","hentry","category-comunidad-educativa","gallery-content-unit"],"_links":{"self":[{"href":"http:\/\/orientacion.colegiodoroteaspontevedra.com\/index.php?rest_route=\/wp\/v2\/posts\/4276","targetHints":{"allow":["GET"]}}],"collection":[{"href":"http:\/\/orientacion.colegiodoroteaspontevedra.com\/index.php?rest_route=\/wp\/v2\/posts"}],"about":[{"href":"http:\/\/orientacion.colegiodoroteaspontevedra.com\/index.php?rest_route=\/wp\/v2\/types\/post"}],"author":[{"embeddable":true,"href":"http:\/\/orientacion.colegiodoroteaspontevedra.com\/index.php?rest_route=\/wp\/v2\/users\/6"}],"replies":[{"embeddable":true,"href":"http:\/\/orientacion.colegiodoroteaspontevedra.com\/index.php?rest_route=%2Fwp%2Fv2%2Fcomments&post=4276"}],"version-history":[{"count":4,"href":"http:\/\/orientacion.colegiodoroteaspontevedra.com\/index.php?rest_route=\/wp\/v2\/posts\/4276\/revisions"}],"predecessor-version":[{"id":4289,"href":"http:\/\/orientacion.colegiodoroteaspontevedra.com\/index.php?rest_route=\/wp\/v2\/posts\/4276\/revisions\/4289"}],"wp:featuredmedia":[{"embeddable":true,"href":"http:\/\/orientacion.colegiodoroteaspontevedra.com\/index.php?rest_route=\/wp\/v2\/media\/2608"}],"wp:attachment":[{"href":"http:\/\/orientacion.colegiodoroteaspontevedra.com\/index.php?rest_route=%2Fwp%2Fv2%2Fmedia&parent=4276"}],"wp:term":[{"taxonomy":"category","embeddable":true,"href":"http:\/\/orientacion.colegiodoroteaspontevedra.com\/index.php?rest_route=%2Fwp%2Fv2%2Fcategories&post=4276"},{"taxonomy":"post_tag","embeddable":true,"href":"http:\/\/orientacion.colegiodoroteaspontevedra.com\/index.php?rest_route=%2Fwp%2Fv2%2Ftags&post=4276"}],"curies":[{"name":"wp","href":"https:\/\/api.w.org\/{rel}","templated":true}]}}