{"id":6748,"date":"2025-06-20T11:20:43","date_gmt":"2025-06-20T11:20:43","guid":{"rendered":"https:\/\/orientacion.colegiodoroteaspontevedra.com\/?p=6748"},"modified":"2025-02-23T11:26:23","modified_gmt":"2025-02-23T11:26:23","slug":"la-importancia-de-las-vacaciones-para-el-desarrollo-de-los-ninos","status":"publish","type":"post","link":"http:\/\/orientacion.colegiodoroteaspontevedra.com\/?p=6748","title":{"rendered":"La importancia de las vacaciones para el desarrollo de los ni\u00f1os"},"content":{"rendered":"<p>&nbsp;<\/p>\n<p class=\"has-text-align-left alignwide entrada-titulo wp-block-post-title has-x-large-font-size\" style=\"text-align: justify\"><span style=\"font-family: 'trebuchet ms', geneva, sans-serif;font-size: 14pt\"><img loading=\"lazy\" decoding=\"async\" class=\"aligncenter wp-image-6749 size-full\" src=\"http:\/\/orientacion.colegiodoroteaspontevedra.com\/wp-content\/uploads\/sites\/2\/2025\/02\/44.webp\" alt=\"\" width=\"933\" height=\"622\" srcset=\"http:\/\/orientacion.colegiodoroteaspontevedra.com\/wp-content\/uploads\/sites\/2\/2025\/02\/44.webp 933w, http:\/\/orientacion.colegiodoroteaspontevedra.com\/wp-content\/uploads\/sites\/2\/2025\/02\/44-300x200.webp 300w, http:\/\/orientacion.colegiodoroteaspontevedra.com\/wp-content\/uploads\/sites\/2\/2025\/02\/44-768x512.webp 768w, http:\/\/orientacion.colegiodoroteaspontevedra.com\/wp-content\/uploads\/sites\/2\/2025\/02\/44-750x500.webp 750w\" sizes=\"auto, (max-width: 933px) 100vw, 933px\" \/><\/span><\/p>\n<p>&nbsp;<\/p>\n<p class=\"has-text-align-left alignwide entrada-titulo wp-block-post-title has-x-large-font-size\" style=\"text-align: justify\"><span style=\"font-family: 'trebuchet ms', geneva, sans-serif;font-size: 14pt\">A diferencia de lo que se podr\u00eda pensar, las vacaciones no suponen una suspensi\u00f3n del aprendizaje para los ni\u00f1os. Al contrario: constituyen otra forma de estimularlos para que puedan absorber conocimientos. Adem\u00e1s, les brindan la oportunidad de poner en pr\u00e1ctica lo que ya saben.<\/span><\/p>\n<div class=\"wp-container-1 entry-content wp-block-post-content\">\n<p style=\"text-align: justify\"><span style=\"font-family: 'trebuchet ms', geneva, sans-serif;font-size: 14pt\">El hecho de tomar vacaciones y disfrutar de per\u00edodos de descanso otorga la oportunidad de liberarse del estr\u00e9s acumulado por el cumplimiento de las obligaciones. Psic\u00f3logos y soci\u00f3logos indican que es necesario dejar que los ni\u00f1os descansen, jueguen, e incluso se aburran, para romper con la monoton\u00eda y evitar la saturaci\u00f3n.<\/span><\/p>\n<p style=\"text-align: justify\"><span style=\"font-family: 'trebuchet ms', geneva, sans-serif;font-size: 14pt\">Seg\u00fan los especialistas en aprendizaje cognitivo, son cinco las \u00e1reas espec\u00edficas que resultan beneficiadas durante los per\u00edodos de descanso, ocio y esparcimiento:<\/span><\/p>\n<ul style=\"text-align: justify\">\n<li><span style=\"font-family: 'trebuchet ms', geneva, sans-serif;font-size: 14pt\">Coeficiente intelectual<\/span><\/li>\n<li><span style=\"font-family: 'trebuchet ms', geneva, sans-serif;font-size: 14pt\">Capacidad de concentraci\u00f3n<\/span><\/li>\n<li><span style=\"font-family: 'trebuchet ms', geneva, sans-serif;font-size: 14pt\">Consolidaci\u00f3n del car\u00e1cter<\/span><\/li>\n<li><span style=\"font-family: 'trebuchet ms', geneva, sans-serif;font-size: 14pt\">Capacidad de liberarse del estr\u00e9s<\/span><\/li>\n<li><span style=\"font-family: 'trebuchet ms', geneva, sans-serif;font-size: 14pt\">Capacidad de crear lazos afectivos hacia personas y lugares<\/span><\/li>\n<\/ul>\n<p style=\"text-align: justify\"><span style=\"font-family: 'trebuchet ms', geneva, sans-serif;font-size: 14pt\">Esto sucede porque los ni\u00f1os, en el tiempo libre que tienen en las vacaciones para jugar, liberan neuroqu\u00edmicos que los estimulan a buscar la emoci\u00f3n por medio de la experimentaci\u00f3n y el contacto con el medio ambiente, lo que se traduce luego como un mejor desarrollo de las neuronas y las conexiones cerebrales.<\/span><\/p>\n<p style=\"text-align: justify\"><span style=\"font-family: 'trebuchet ms', geneva, sans-serif;font-size: 14pt\">Las vacaciones, entonces, son el momento perfecto para reforzar el afecto y la autoestima. Es importante que los chicos se sientan importantes y que son part\u00edcipes en la unidad que simboliza la familia, ya que esto les ayudar\u00e1 a tener interacciones sanas en la escuela.<\/span><\/p>\n<p>&nbsp;<\/p>\n<p style=\"text-align: center\"><span style=\"font-family: 'trebuchet ms', geneva, sans-serif;font-size: 36pt\">\u00a1\u00a1\u00a1FELICES VACACIONES!!!<\/span><\/p>\n<\/div>\n","protected":false},"excerpt":{"rendered":"<p>&nbsp; &nbsp; A diferencia de lo que se podr\u00eda pensar, las vacaciones no suponen una suspensi\u00f3n del aprendizaje para los ni\u00f1os. Al contrario: constituyen otra forma de estimularlos para que puedan absorber conocimientos. Adem\u00e1s, les brindan la oportunidad de poner en pr\u00e1ctica lo que ya saben. El hecho de tomar vacaciones y disfrutar de per\u00edodos <a href=\"http:\/\/orientacion.colegiodoroteaspontevedra.com\/?p=6748\" rel=\"nofollow\"><span class=\"sr-only\">Leer m\u00e1sLa importancia de las vacaciones para el desarrollo de los ni\u00f1os<\/span>[&hellip;]<\/a><\/p>\n","protected":false},"author":6,"featured_media":2345,"comment_status":"closed","ping_status":"closed","sticky":false,"template":"","format":"standard","meta":{"footnotes":""},"categories":[19],"tags":[],"class_list":["post-6748","post","type-post","status-publish","format-standard","has-post-thumbnail","hentry","category-un-momento-estoy-pensando","gallery-content-unit"],"_links":{"self":[{"href":"http:\/\/orientacion.colegiodoroteaspontevedra.com\/index.php?rest_route=\/wp\/v2\/posts\/6748","targetHints":{"allow":["GET"]}}],"collection":[{"href":"http:\/\/orientacion.colegiodoroteaspontevedra.com\/index.php?rest_route=\/wp\/v2\/posts"}],"about":[{"href":"http:\/\/orientacion.colegiodoroteaspontevedra.com\/index.php?rest_route=\/wp\/v2\/types\/post"}],"author":[{"embeddable":true,"href":"http:\/\/orientacion.colegiodoroteaspontevedra.com\/index.php?rest_route=\/wp\/v2\/users\/6"}],"replies":[{"embeddable":true,"href":"http:\/\/orientacion.colegiodoroteaspontevedra.com\/index.php?rest_route=%2Fwp%2Fv2%2Fcomments&post=6748"}],"version-history":[{"count":4,"href":"http:\/\/orientacion.colegiodoroteaspontevedra.com\/index.php?rest_route=\/wp\/v2\/posts\/6748\/revisions"}],"predecessor-version":[{"id":6751,"href":"http:\/\/orientacion.colegiodoroteaspontevedra.com\/index.php?rest_route=\/wp\/v2\/posts\/6748\/revisions\/6751"}],"wp:featuredmedia":[{"embeddable":true,"href":"http:\/\/orientacion.colegiodoroteaspontevedra.com\/index.php?rest_route=\/wp\/v2\/media\/2345"}],"wp:attachment":[{"href":"http:\/\/orientacion.colegiodoroteaspontevedra.com\/index.php?rest_route=%2Fwp%2Fv2%2Fmedia&parent=6748"}],"wp:term":[{"taxonomy":"category","embeddable":true,"href":"http:\/\/orientacion.colegiodoroteaspontevedra.com\/index.php?rest_route=%2Fwp%2Fv2%2Fcategories&post=6748"},{"taxonomy":"post_tag","embeddable":true,"href":"http:\/\/orientacion.colegiodoroteaspontevedra.com\/index.php?rest_route=%2Fwp%2Fv2%2Ftags&post=6748"}],"curies":[{"name":"wp","href":"https:\/\/api.w.org\/{rel}","templated":true}]}}